{"id":279,"date":"2021-01-06T14:31:00","date_gmt":"2021-01-06T13:31:00","guid":{"rendered":"http:\/\/fbnl-eco.de\/?p=279"},"modified":"2021-01-10T09:26:48","modified_gmt":"2021-01-10T08:26:48","slug":"die-bockkaefer-mitteleuropas","status":"publish","type":"post","link":"https:\/\/fbnl-eco.de\/?p=279","title":{"rendered":"Die Bockk\u00e4fer Mitteleuropas &#8211; 4. Auflage"},"content":{"rendered":"<p style=\"text-align: left;\">Die Vertreter der Familie Bockk\u00e4fer (Cerambycidae) geh\u00f6ren infolge ihrer oft betr\u00e4chtlichen Gr\u00f6\u00dfe, der z. T. bizarren K\u00f6rperform und nicht zuletzt wegen ihrer Farbenpracht zu den auff\u00e4lligsten heimischen K\u00e4fern. Kennzeichnend sind f\u00fcr viele die langen, hornartig gebogenen F\u00fchler, die zu der deutschsprachigen Bezeichnung \u201eBock\u201ck\u00e4fer gef\u00fchrt haben.<br \/>\nViele Bockk\u00e4ferarten sind selten geworden und stehen unter Naturschutz, einige sind sogar als FFH-Arten europaweit gesch\u00fctzt.<\/p>\n<p style=\"text-align: left;\">Die 3. Auflage dieses Buches von 2016 hat eine sehr freundliche Aufnahme gefunden. In Rezensionen und Briefen wurden dankenswerterweise Anregungen zur Verbesserung und Erweiterung des Inhaltes ge\u00e4u\u00dfert, um die wir im Vorwort dieser Auflage gebeten hatten. Der wichtigste Hinweis war der Wunsch nach einer vollst\u00e4ndigen \u00dcbersicht aller in Mitteleuropa vorkommenden Arten.<br \/>\nWir haben versucht, ihn in vorliegender 4. Auflage in doppelter Hinsicht zu erf\u00fcllen. Zum einen werden tabellarisch alle in Ost-Frankreich, Belgien, Luxemburg, den Niederlanden, D\u00e4nemark, Deutschland, Polen, Tschechien, der Slowakei, \u00d6sterreich, Liechtenstein und der Schweiz bekannten autochthonen Arten (einschlie\u00dflich wichtiger Importe) aufgef\u00fchrt. Eine neu eingef\u00fcgte Tabelle enth\u00e4lt die neu aufgenommenen Arten bzw. Unterarten und sollte damit die Cerambycidae der genannten L\u00e4nder nahezu vollst\u00e4ndig erfassen. Zum anderen haben wir die Bestimmungstabellen erweitert und fast alle diese neu genannten Arten dort abgehandelt.<br \/>\nDie Angaben zur Verbreitung und zum Vorkommen dokumentieren den Stand des Wissens bis zum Sommer des Jahres 2018.<\/p>\n<hr \/>\n<table>\n<tbody>\n<tr>\n<td align=\"left\"><a href=\"https:\/\/fbnl-eco.de\/wp-content\/uploads\/2016\/01\/autoren.pdf\" target=\"_blank\" rel=\"noopener noreferrer\">Die Autoren<\/a><\/td>\n<\/tr>\n<tr>\n<td align=\"left\">ISBN Gesamtausgabe: 978-3-89432-474-2<br \/>\n89,95 \u20ac (Gesamtausgabe)<br \/>\nISBN Band 1: 978-3-89432-863-4<br \/>\nISBN Band 2: 978-3-89432-864-1<br \/>\n59,95 \u20ac (Einzelb\u00e4nde)<\/td>\n<\/tr>\n<tr>\n<td align=\"left\"><a href=\"http:\/\/www.neuebrehm.de\/buecher\/733-die-bockkaefer-mitteleuropas-gesamtausgabe&lt;\/a&gt;\" target=\"_blank\" rel=\"noopener noreferrer\">Buchbestellung beim Verlag &#8211; hier klicken<\/a><\/td>\n<\/tr>\n<\/tbody>\n<\/table>\n<hr \/>\n","protected":false},"excerpt":{"rendered":"<p>Die Vertreter der Familie Bockk\u00e4fer (Cerambycidae) geh\u00f6ren infolge ihrer oft betr\u00e4chtlichen Gr\u00f6\u00dfe, der z. T. bizarren K\u00f6rperform und nicht zuletzt wegen ihrer Farbenpracht zu den auff\u00e4lligsten heimischen K\u00e4fern. Kennzeichnend sind f\u00fcr viele die langen, hornartig gebogenen F\u00fchler, die zu der deutschsprachigen Bezeichnung \u201eBock\u201ck\u00e4fer gef\u00fchrt haben. Viele Bockk\u00e4ferarten sind selten geworden und stehen unter Naturschutz, einige [&hellip;]<\/p>\n","protected":false},"author":1,"featured_media":0,"comment_status":"closed","ping_status":"closed","sticky":false,"template":"","format":"standard","meta":{"footnotes":""},"categories":[1],"tags":[20,21,32,24,22,33,29,23,30,26,27,28,25,31],"class_list":["post-279","post","type-post","status-publish","format-standard","hentry","category-allge","tag-bockkaefer","tag-cerambycidae","tag-cerambycinae","tag-deutschland","tag-klausnitzer","tag-lamiinae","tag-lepturinae","tag-mitteleuropa","tag-necydalinae","tag-oesterreich","tag-parandrinae","tag-prioninae","tag-schweiz","tag-spondylidinae"],"_links":{"self":[{"href":"https:\/\/fbnl-eco.de\/index.php?rest_route=\/wp\/v2\/posts\/279","targetHints":{"allow":["GET"]}}],"collection":[{"href":"https:\/\/fbnl-eco.de\/index.php?rest_route=\/wp\/v2\/posts"}],"about":[{"href":"https:\/\/fbnl-eco.de\/index.php?rest_route=\/wp\/v2\/types\/post"}],"author":[{"embeddable":true,"href":"https:\/\/fbnl-eco.de\/index.php?rest_route=\/wp\/v2\/users\/1"}],"replies":[{"embeddable":true,"href":"https:\/\/fbnl-eco.de\/index.php?rest_route=%2Fwp%2Fv2%2Fcomments&post=279"}],"version-history":[{"count":42,"href":"https:\/\/fbnl-eco.de\/index.php?rest_route=\/wp\/v2\/posts\/279\/revisions"}],"predecessor-version":[{"id":596,"href":"https:\/\/fbnl-eco.de\/index.php?rest_route=\/wp\/v2\/posts\/279\/revisions\/596"}],"wp:attachment":[{"href":"https:\/\/fbnl-eco.de\/index.php?rest_route=%2Fwp%2Fv2%2Fmedia&parent=279"}],"wp:term":[{"taxonomy":"category","embeddable":true,"href":"https:\/\/fbnl-eco.de\/index.php?rest_route=%2Fwp%2Fv2%2Fcategories&post=279"},{"taxonomy":"post_tag","embeddable":true,"href":"https:\/\/fbnl-eco.de\/index.php?rest_route=%2Fwp%2Fv2%2Ftags&post=279"}],"curies":[{"name":"wp","href":"https:\/\/api.w.org\/{rel}","templated":true}]}}